{"id":3996,"date":"2025-05-31T20:46:16","date_gmt":"2025-05-31T20:46:16","guid":{"rendered":"https:\/\/emotionalwellnessexpo.com\/web\/?p=3996"},"modified":"2025-06-04T19:44:40","modified_gmt":"2025-06-04T19:44:40","slug":"blog-1-titulo","status":"publish","type":"post","link":"https:\/\/emotionalwellnessexpo.com\/web\/blog-1-titulo\/","title":{"rendered":"El autoconocimiento: Un acto de Amor hacia tu libertad emocional."},"content":{"rendered":"\n<h5 class=\"wp-block-heading\">\u201cLa sabidur\u00eda nace cuando el pensamiento cient\u00edfico se encuentra con la conciencia del ser.\u201d <em>\u2014Fritjof Capra.<\/em><\/h5>\n\n\n\n<p><\/p>\n\n\n\n<p>Por mucho tiempo, el mundo era observado desde la separaci\u00f3n. Bajo el lente de la f\u00edsica newtoniana, el universo era una gran m\u00e1quina, y el cuerpo humano, apenas una pieza m\u00e1s: r\u00edgida, fragmentada, predecible; un conjunto de partes que funcionaban por separado, como engranajes de un reloj.<\/p>\n\n\n\n<p>En ese modelo, la enfermedad era una falla que deb\u00eda corregirse con t\u00e9cnica y precisi\u00f3n. Las emociones, la energ\u00eda, la conciencia&#8230; simplemente no ten\u00edan lugar.<\/p>\n\n\n\n<p>Si no pod\u00eda tocarse, pesarse o verse, no era real. No importaba.<\/p>\n\n\n\n<p>Y as\u00ed, poco a poco, fuimos olvidando lo esencial: que somos mucho m\u00e1s que carne y hueso. Que cada c\u00e9lula vibra, siente, recuerda. Que el cuerpo y la mente no est\u00e1n separados, y que ambos responden a una red invisible de conexiones profundas.<\/p>\n\n\n\n<p>Y en ese silencio que emerge entre pensamiento y emoci\u00f3n&#8230; comienza el verdadero viaje: el regreso a nosotros mismos.<\/p>\n\n\n\n<p>La antigua ciencia dec\u00eda: \u201cTu cuerpo es una m\u00e1quina\u201d.<br>La nueva ciencia dice: <strong>\u201cTu cuerpo es una orquesta vibratoria que responde a cada emoci\u00f3n, cada creencia, cada pensamiento inconsciente que habita en ti.\u201d<\/strong><\/p>\n\n\n\n<p>Yo tambi\u00e9n crec\u00ed con ideas que no eran m\u00edas, pero que dirig\u00edan mi vida como si fueran leyes invisibles.&nbsp;<\/p>\n\n\n\n<p><em>\u201cLa vida perfecta no existe\u201d, me repet\u00eda mi padre. Y yo le cre\u00ed.<\/em><\/p>\n\n\n\n<p>Tambi\u00e9n cre\u00ed que el amor era un privilegio de los cuentos de hadas. Que hab\u00eda que esforzarse, luchar, resistir. Observ\u00e9 a las mujeres de mi familia conformarse, silenciarse, resignarse\u2026 y sin darme cuenta, mi vida se reg\u00eda por esas creencias.<\/p>\n\n\n\n<p>La figura masculina en mi casa era fuerte, autoritaria, controladora y r\u00edgida. Esa energ\u00eda tan dominante me molestaba\u2026 profundamente, pero lo curioso fue que, cuando crec\u00ed y me hice consciente de mis acciones, me observe muy similar a ellos, pregunt\u00e1ndome preguntaba:<\/p>\n\n\n\n<p><strong>\u00bfPor qu\u00e9 soy como no quiero ser?<\/strong><strong><br><\/strong><strong>\u00bfPor qu\u00e9 vivo una vida que no eleg\u00ed?<\/strong><strong><br><\/strong><strong>\u00bfPor qu\u00e9 todo se siente tan dif\u00edcil?<\/strong><strong><br><\/strong><strong>\u00bfPor qu\u00e9, si tengo un coraz\u00f3n noble, a veces reacciono con rabia?<\/strong><\/p>\n\n\n\n<p><strong>\u00bfPor qu\u00e9 el mundo sufre?<\/strong><\/p>\n\n\n\n<p>Mi vida, como la de muchos, estaba condicionada por una saturaci\u00f3n de sufrimiento. Me sent\u00eda agotada de perder en los negocios, de repetir patrones dolorosos en las relaciones, de caminar en c\u00edrculos sin entender por qu\u00e9.<\/p>\n\n\n\n<p>Esa contradicci\u00f3n interna me dol\u00eda. Era como vivir dividida entre la versi\u00f3n que quer\u00eda ser\u2026Y la que reaccionaba desde viejas heridas que a\u00fan no hab\u00eda sanado.<\/p>\n\n\n\n<p>Era tanto el dolor y la confusi\u00f3n que sent\u00eda en mi coraz\u00f3n, que hubo un momento en el que quise terminar con mi vida.<\/p>\n\n\n\n<p>Miro atr\u00e1s y todav\u00eda recuerdo ese instante. Yo, en un parque de rodillas, mirando al cielo, con l\u00e1grimas en los ojos, habl\u00e1ndole a un Dios en el que ya casi no cre\u00eda.&nbsp;<\/p>\n\n\n\n<p>Le dije: <strong>\u201cMu\u00e9strame si existe algo m\u00e1s grande\u2026 porque ya no puedo m\u00e1s.\u201d<\/strong><\/p>\n\n\n\n<p>Siempre hab\u00eda estado esperando un milagro, uno de esos que lo cambian todo, pero no llegaba.<\/p>\n\n\n\n<p>S\u00ed\u2026 Aparec\u00edan se\u00f1ales, peque\u00f1os milagros, pero mi vida no cambiaba como yo deseaba y eso me desgastaba a\u00fan m\u00e1s.<\/p>\n\n\n\n<p>Hoy, con el coraz\u00f3n m\u00e1s sereno, entiendo algo que antes no pod\u00eda ver con claridad: En ese mismo instante, un taxista \u2014 desconocido total\u2014 se me acerc\u00f3, me pregunt\u00f3 qu\u00e9 me pasaba, vio mi tristeza y se compadeci\u00f3. Empez\u00f3 a compartir una informaci\u00f3n que, siendo honesta, en ese momento me pareci\u00f3 extra\u00f1a&#8230; pero al mismo tiempo, me brind\u00f3 una paz incre\u00edble.<\/p>\n\n\n\n<p>Me dijo que llamara a una se\u00f1ora que viv\u00eda en New Mexico, ella le hab\u00eda ayudado a transformar su vida y la de toda su familia. Me dio su n\u00famero, su nombre. Me insisti\u00f3 con una mirada que dec\u00eda <em>conf\u00eda<\/em>.<br>Y lo hice\u2026 la llam\u00e9.<\/p>\n\n\n\n<p>Ella, al escucharme, no dud\u00f3. Me atendi\u00f3 al siguiente d\u00eda, convirti\u00e9ndose en mi gu\u00eda durante dos a\u00f1os.<\/p>\n\n\n\n<p><em>\u201cHoy s\u00e9 que ese encuentro no fue una coincidencia, fue la magia de la sincronicidad\u201d.<\/em><\/p>\n\n\n\n<p>Una fuerza mayor que a veces se manifiesta en los detalles m\u00e1s simples. Como un taxista, una llamada,&nbsp; un gesto inesperado que llega justo cuando m\u00e1s lo necesitas\u2026<\/p>\n\n\n\n<p>Fue en ese momento cuando comenz\u00f3 mi despertar. Empec\u00e9 a darme cuenta de algo que antes no ve\u00eda, porque nunca nadie me lo ense\u00f1\u00f3 pero que estaba profundamente dentro de m\u00ed: desde el momento en que mi vida comenz\u00f3 a formarse, en cada c\u00e9lula y cromosoma, llevo la informaci\u00f3n gen\u00e9tica de mis padres y mis ancestros.<\/p>\n\n\n\n<p>Cada c\u00e9lula que se divide, cada emoci\u00f3n que sentimos, cada experiencia que vivimos desde la infancia\u2026 todo queda registrado. Hasta los 7 a\u00f1os, absorbemos el mundo sin filtros. No entendemos, pero grabamos. Todo.<\/p>\n\n\n\n<p>La ciencia hoy lo confirma: la <em>epigen\u00e9tica<\/em> y la <em>neurociencia<\/em> nos dicen que no estamos definidos por los genes, sino por el entorno, las emociones, y las creencias que se repiten como mantras silenciosos en nuestra mente subconsciente.<\/p>\n\n\n\n<p>Y entonces comprend\u00ed: <strong>no era mi voluntad la que creaba mi realidad, sin embargo <\/strong>si estamos programados, pero tambi\u00e9n podemos reprogramarnos.<\/p>\n\n\n\n<p>Gracias a la <em>neuroplasticidad<\/em>, \u2014esa capacidad del cerebro para regenerarse y adaptarse\u2014 podemos resignificar nuestras experiencias, transformar creencias limitantes, cambiar nuestra forma de amar, de vivir, de ganar dinero, de sanar.<\/p>\n\n\n\n<p>Yo misma lo he vivido. He sanado heridas profundas. He liberado emociones que cargaba desde generaciones atr\u00e1s. He visto c\u00f3mo el cuerpo se alinea cuando el coraz\u00f3n vibra en coherencia.<br><\/p>\n\n\n\n<p>\u00a1Porque s\u00ed, somos energ\u00eda! El 99.9% de nuestro cuerpo est\u00e1 hecho de \u00e1tomos, y los \u00e1tomos\u2026 son energ\u00eda vibrando.<\/p>\n\n\n\n<p>Cuando activamos el amor \u2014no el amor rom\u00e1ntico, sino la vibraci\u00f3n pura que unifica, ordena y regenera\u2014, nuestro campo energ\u00e9tico se alinea.<br><\/p>\n\n\n\n<p>Y entonces lo comprendo todo:<\/p>\n\n\n\n<p><strong>Las heridas no son errores.<\/strong><strong><br><\/strong><strong>La tristeza no es el enemigo.<\/strong><strong><br><\/strong><strong>Todo lo que vivimos, en realidad, es perfecto para nuestra evoluci\u00f3n, cada experiencia es un aprendizaje de vida.<\/strong><\/p>\n\n\n\n<p>El universo no castiga ni premia. <strong>Resuena.<\/strong><\/p>\n\n\n\n<p>Transformarnos no es \u00abmejorarnos\u00bb, es <strong>volver al centro<\/strong>, recordar que somos luz, a\u00fan cuando estamos perdidos.<br><\/p>\n\n\n\n<p>Y cada paso hacia el autoconocimiento es un paso hacia tu libertad.<br>Porque la abundancia, la paz, el amor\u2026 no est\u00e1n all\u00e1 afuera, son tu estado natural.<\/p>\n\n\n\n<p>Todo lo dem\u00e1s\u2026\u00a1Es s\u00f3lo vibraci\u00f3n!<\/p>\n","protected":false},"excerpt":{"rendered":"<p>\u201cLa sabidur\u00eda nace cuando el pensamiento cient\u00edfico se encuentra con la conciencia del ser.\u201d \u2014Fritjof Capra. Por mucho tiempo, el mundo era observado desde la separaci\u00f3n. Bajo el lente de la f\u00edsica newtoniana, el universo era una gran m\u00e1quina, y el cuerpo humano, apenas una pieza m\u00e1s: r\u00edgida, fragmentada, predecible; un conjunto de partes que [&hellip;]<\/p>\n","protected":false},"author":1,"featured_media":5902,"comment_status":"closed","ping_status":"closed","sticky":false,"template":"","format":"standard","meta":{"footnotes":""},"categories":[1],"tags":[],"class_list":["post-3996","post","type-post","status-publish","format-standard","has-post-thumbnail","hentry","category-sin-categoria"],"_links":{"self":[{"href":"https:\/\/emotionalwellnessexpo.com\/web\/wp-json\/wp\/v2\/posts\/3996","targetHints":{"allow":["GET"]}}],"collection":[{"href":"https:\/\/emotionalwellnessexpo.com\/web\/wp-json\/wp\/v2\/posts"}],"about":[{"href":"https:\/\/emotionalwellnessexpo.com\/web\/wp-json\/wp\/v2\/types\/post"}],"author":[{"embeddable":true,"href":"https:\/\/emotionalwellnessexpo.com\/web\/wp-json\/wp\/v2\/users\/1"}],"replies":[{"embeddable":true,"href":"https:\/\/emotionalwellnessexpo.com\/web\/wp-json\/wp\/v2\/comments?post=3996"}],"version-history":[{"count":7,"href":"https:\/\/emotionalwellnessexpo.com\/web\/wp-json\/wp\/v2\/posts\/3996\/revisions"}],"predecessor-version":[{"id":6151,"href":"https:\/\/emotionalwellnessexpo.com\/web\/wp-json\/wp\/v2\/posts\/3996\/revisions\/6151"}],"wp:featuredmedia":[{"embeddable":true,"href":"https:\/\/emotionalwellnessexpo.com\/web\/wp-json\/wp\/v2\/media\/5902"}],"wp:attachment":[{"href":"https:\/\/emotionalwellnessexpo.com\/web\/wp-json\/wp\/v2\/media?parent=3996"}],"wp:term":[{"taxonomy":"category","embeddable":true,"href":"https:\/\/emotionalwellnessexpo.com\/web\/wp-json\/wp\/v2\/categories?post=3996"},{"taxonomy":"post_tag","embeddable":true,"href":"https:\/\/emotionalwellnessexpo.com\/web\/wp-json\/wp\/v2\/tags?post=3996"}],"curies":[{"name":"wp","href":"https:\/\/api.w.org\/{rel}","templated":true}]}}