{"id":3998,"date":"2025-05-25T20:46:37","date_gmt":"2025-05-25T20:46:37","guid":{"rendered":"https:\/\/emotionalwellnessexpo.com\/web\/?p=3998"},"modified":"2025-06-04T19:45:10","modified_gmt":"2025-06-04T19:45:10","slug":"blog-2-titulo","status":"publish","type":"post","link":"https:\/\/emotionalwellnessexpo.com\/web\/blog-2-titulo\/","title":{"rendered":"Reprogramar el estr\u00e9s y la ansiedad: el camino hacia una vida m\u00e1s plena."},"content":{"rendered":"\n<h5 class=\"wp-block-heading\">\u00abEl primer paso hacia la transformaci\u00f3n emocional es la conciencia. No puedes cambiar lo que no reconoces, aprender a gestionar tus emociones es un acto de amor propio y de sabidur\u00eda interior que te conduce hacia la libertad mental.\u00bb<\/h5>\n\n\n\n<p><\/p>\n\n\n\n<p>Desde la adolescencia conviv\u00ed con un trastorno de ansiedad que condicionaba cada aspecto de mi vida: mis relaciones, decisiones, h\u00e1bitos alimenticios, incluso la forma en que respiraba. En silencio, tambi\u00e9n enfrentaba un trastorno por atrac\u00f3n que me hac\u00eda sentir fuera de control, vac\u00eda, culpable, como si algo estuviera roto dentro de m\u00ed.<\/p>\n\n\n\n<p>Cuando me mud\u00e9 a los Estados Unidos e inici\u00e9 la universidad, el malestar se intensific\u00f3. Viv\u00eda atrapada entre clases, trabajo y responsabilidades que me impon\u00eda como si fueran una cuesti\u00f3n de vida o muerte. Me exig\u00eda mucho, convencida de que si no cumpl\u00eda con todo, algo malo pasar\u00eda. Estaba funcionando en piloto autom\u00e1tico, pero por dentro\u2026 \u00a1Me sent\u00eda al borde del colapso!.<\/p>\n\n\n\n<p>Si alguna vez te has sentido culpable por no cumplir una promesa contigo mismo, por querer cambiar y no lograrlo, sabes lo desgastante que es vivir atrapado en un ciclo emocional del que parece imposible salir. Y peor a\u00fan, cuando el estr\u00e9s constante se vuelve parte del diario vivir, como si fuera lo normal.<\/p>\n\n\n\n<p>Muchos piensan que el bienestar depende de tener dinero o buena salud. Y s\u00ed, ambos son fundamentales: <em>el dinero puede brindar estabilidad y la salud f\u00edsica es esencial para disfrutar la vida.<\/em> Pero cuando la mente no est\u00e1 en paz, incluso teniendo lo \u201cnecesario\u201d, puedes sentirte vac\u00edo, desconectado o constantemente insatisfecho.<\/p>\n\n\n\n<p><em>\u201cNo se trata solo de lo que tienes, sino de c\u00f3mo lo percibes\u201d,<\/em> porque una mente invadida por ansiedad o estr\u00e9s distorsiona esa percepci\u00f3n: te hace sentir que nada es suficiente, que siempre falta algo, que no mereces disfrutar lo que ya tienes.<\/p>\n\n\n\n<p><em>Una mente que no ha sanado puede tener una carrera brillante, pero no encontrar alegr\u00eda en sus logros. Puede estar rodeada de personas, pero sentirse sola. Puede ser admirada, pero vivir en guerra interna.<\/em><em><br><\/em><\/p>\n\n\n\n<p>La salud mental es el filtro a trav\u00e9s del cual experimentas todo lo dem\u00e1s: el amor, la abundancia, la creatividad, la conexi\u00f3n, la paz.&nbsp;<\/p>\n\n\n\n<hr class=\"wp-block-separator has-alpha-channel-opacity\"\/>\n\n\n\n<h3 class=\"wp-block-heading\"><strong>El poder de la reprogramaci\u00f3n<\/strong><\/h3>\n\n\n\n<p><\/p>\n\n\n\n<p>Mi punto de quiebre lleg\u00f3 en mi primer a\u00f1o de universidad. Mis pensamientos se hab\u00edan apoderado de m\u00ed hasta el punto en que no quer\u00eda seguir viviendo. Fue entonces cuando descubr\u00ed el concepto de <strong>reprogramaci\u00f3n del subconsciente<\/strong>, un enfoque que va mucho m\u00e1s all\u00e1 del pensamiento positivo.<br>Comenc\u00e9 un proceso terap\u00e9utico y entend\u00ed que muchas de mis reacciones emocionales y pensamientos autom\u00e1ticos ven\u00edan de heridas no sanadas, miedos heredados y creencias limitantes formadas en la infancia: el temor a no ser suficiente, la necesidad de control, la hipervigilancia, la angustia ante lo incierto\u2026<\/p>\n\n\n\n<p>Crec\u00ed sin la figura de un padre, en medio de dificultades econ\u00f3micas, relaciones conflictivas y falta de autoestima. En ese contexto, era natural que desarrollara mecanismos de defensa que luego se tradujeron en <strong>ansiedad cr\u00f3nica y estr\u00e9s desadaptativo<\/strong>.<\/p>\n\n\n\n<p>Entender que esos patrones pod\u00edan transformarse fue el mayor regalo de mi vida. Reprogramar no es borrar el pasado, sino <strong>reconocerlo, resignificarlo y liberarlo<\/strong> desde un lugar de compasi\u00f3n, no de exigencia.<\/p>\n\n\n\n<p>Sanar implica perdonar lo que doli\u00f3, soltar lo que pesa y aprender a sentir de forma distinta. Muchas de nuestras respuestas emocionales est\u00e1n tan normalizadas que no nos damos cuenta de que nos est\u00e1n da\u00f1ando. Por eso, <strong>trabajar con un profesional que te ayude a identificar lo que est\u00e1 en tu subconsciente puede marcar toda la diferencia<\/strong>.<\/p>\n\n\n\n<p>Es un proceso interno, profundo, pero absolutamente posible y cada capa que sanas te devuelve un poco m\u00e1s de ti.<\/p>\n\n\n\n<hr class=\"wp-block-separator has-alpha-channel-opacity\"\/>\n\n\n\n<h3 class=\"wp-block-heading\"><strong>M\u00e1s calma, m\u00e1s conexi\u00f3n, m\u00e1s bienestar<\/strong><\/h3>\n\n\n\n<p><\/p>\n\n\n\n<p>Sanar no fue solo dejar de sentir ansiedad, fue aprender a <strong>vivir desde un estado de mayor consciencia<\/strong>. Empec\u00e9 a notar cu\u00e1ndo mis emociones me hablaban, a responder en lugar de reaccionar, y a bajarle el volumen a la voz interna que solo exig\u00eda m\u00e1s y m\u00e1s.<\/p>\n\n\n\n<p>Transform\u00e9 la autoexigencia en compasi\u00f3n. Mejor\u00e9 la relaci\u00f3n con mi madre, antes marcada por la tensi\u00f3n. Me alej\u00e9 de entornos y v\u00ednculos que alimentaban mi ansiedad.<br><\/p>\n\n\n\n<p>Aprend\u00ed a decir \u201cno\u201d sin culpa y tambi\u00e9n, como reflejo de ese trabajo interno, atraje una relaci\u00f3n amorosa sana, con una persona que se ama a s\u00ed mismo tanto como yo he aprendido a amarme.<\/p>\n\n\n\n<p>La ansiedad desadaptativa, que antes dominaba mis d\u00edas, se convirti\u00f3 en una br\u00fajula, ahora la reconozco como una alerta de que algo necesita atenci\u00f3n. Y esa es una de las mayores victorias: <strong>pasar del miedo a la escucha interna<\/strong>.<\/p>\n\n\n\n<p>Todo esto me inspir\u00f3 a compartir mi proceso y escribir el libro <strong>ReprogramAcci\u00f3n<\/strong>, una gu\u00eda pr\u00e1ctica para sanar el estr\u00e9s y la ansiedad desde la ra\u00edz, integrando ciencia, psicolog\u00eda y espiritualidad de forma accesible y transformadora.<\/p>\n\n\n\n<hr class=\"wp-block-separator has-alpha-channel-opacity\"\/>\n\n\n\n<h3 class=\"wp-block-heading\"><strong>\u00bfPor qu\u00e9 la salud mental es tan importante?<\/strong><\/h3>\n\n\n\n<p><\/p>\n\n\n\n<p>Porque <strong>una mente sobrecargada de ansiedad y estr\u00e9s no puede disfrutar, ni decidir con claridad, ni crear con libertad.<\/strong><\/p>\n\n\n\n<p>La salud mental no es solo la ausencia de trastornos; es el equilibrio que te permite vivir tu d\u00eda a d\u00eda sin sentirte en estado de emergencia constante.<br>Es lo que te permite disfrutar un momento simple, tener relaciones aut\u00e9nticas y tomar decisiones alineadas con lo que realmente necesitas.<\/p>\n\n\n\n<p>Pero muchas personas a\u00fan sienten verg\u00fcenza de buscar ayuda. Creen que ir al psic\u00f3logo es \u201cpara los d\u00e9biles\u201d o \u201cpara los que no pueden solos\u201d y esa creencia limita el acceso a herramientas que podr\u00edan transformar su vida por completo.<\/p>\n\n\n\n<hr class=\"wp-block-separator has-alpha-channel-opacity\"\/>\n\n\n\n<h3 class=\"wp-block-heading\"><strong>\u00bfQu\u00e9 puedes hacer para cuidar tu salud mental?<\/strong><\/h3>\n\n\n\n<p><\/p>\n\n\n\n<ul class=\"wp-block-list\">\n<li><strong>Esc\u00fachate sin juzgarte.<\/strong><\/li>\n\n\n\n<li><strong>Habla con un profesional.<\/strong> No necesitas llegar al l\u00edmite para pedir apoyo.<\/li>\n\n\n\n<li><strong>Integra pr\u00e1cticas diarias<\/strong> como la meditaci\u00f3n, el journaling o el grounding para reconectar contigo.<\/li>\n\n\n\n<li><strong>Rod\u00e9ate de personas que nutran tu energ\u00eda.<\/strong><\/li>\n\n\n\n<li><strong>Aprende a identificar tus pensamientos autom\u00e1ticos<\/strong> y c\u00f3mo afectan tu cuerpo y emociones.<\/li>\n\n\n\n<li><strong>Explora herramientas de reprogramaci\u00f3n mental<\/strong> que te ayuden a transformar patrones desde la ra\u00edz.<\/li>\n<\/ul>\n\n\n\n<p>Y sobre todo, recuerda: <strong>pedir ayuda no es debilidad, es una decisi\u00f3n valiente de amor propio<\/strong>.<\/p>\n\n\n\n<hr class=\"wp-block-separator has-alpha-channel-opacity\"\/>\n\n\n\n<p>El primer paso no es tenerlo todo claro, es dejar de ignorar lo que ya sabes que necesita tu atenci\u00f3n.<\/p>\n\n\n\n<p>Porque cuando reprogramas tu mente, comienzas a crear una vida m\u00e1s ligera, m\u00e1s sana y m\u00e1s aut\u00e9ntica. <strong>No viniste al mundo a sobrevivir.<\/strong><strong><br><\/strong><strong>Viniste a vivir.<\/strong><strong><br><\/strong><strong>Y eso \u2014empieza desde adentro.<\/strong><\/p>\n","protected":false},"excerpt":{"rendered":"<p>\u00abEl primer paso hacia la transformaci\u00f3n emocional es la conciencia. No puedes cambiar lo que no reconoces, aprender a gestionar tus emociones es un acto de amor propio y de sabidur\u00eda interior que te conduce hacia la libertad mental.\u00bb Desde la adolescencia conviv\u00ed con un trastorno de ansiedad que condicionaba cada aspecto de mi vida: [&hellip;]<\/p>\n","protected":false},"author":1,"featured_media":5904,"comment_status":"closed","ping_status":"closed","sticky":false,"template":"","format":"standard","meta":{"footnotes":""},"categories":[1],"tags":[],"class_list":["post-3998","post","type-post","status-publish","format-standard","has-post-thumbnail","hentry","category-sin-categoria"],"_links":{"self":[{"href":"https:\/\/emotionalwellnessexpo.com\/web\/wp-json\/wp\/v2\/posts\/3998","targetHints":{"allow":["GET"]}}],"collection":[{"href":"https:\/\/emotionalwellnessexpo.com\/web\/wp-json\/wp\/v2\/posts"}],"about":[{"href":"https:\/\/emotionalwellnessexpo.com\/web\/wp-json\/wp\/v2\/types\/post"}],"author":[{"embeddable":true,"href":"https:\/\/emotionalwellnessexpo.com\/web\/wp-json\/wp\/v2\/users\/1"}],"replies":[{"embeddable":true,"href":"https:\/\/emotionalwellnessexpo.com\/web\/wp-json\/wp\/v2\/comments?post=3998"}],"version-history":[{"count":7,"href":"https:\/\/emotionalwellnessexpo.com\/web\/wp-json\/wp\/v2\/posts\/3998\/revisions"}],"predecessor-version":[{"id":5985,"href":"https:\/\/emotionalwellnessexpo.com\/web\/wp-json\/wp\/v2\/posts\/3998\/revisions\/5985"}],"wp:featuredmedia":[{"embeddable":true,"href":"https:\/\/emotionalwellnessexpo.com\/web\/wp-json\/wp\/v2\/media\/5904"}],"wp:attachment":[{"href":"https:\/\/emotionalwellnessexpo.com\/web\/wp-json\/wp\/v2\/media?parent=3998"}],"wp:term":[{"taxonomy":"category","embeddable":true,"href":"https:\/\/emotionalwellnessexpo.com\/web\/wp-json\/wp\/v2\/categories?post=3998"},{"taxonomy":"post_tag","embeddable":true,"href":"https:\/\/emotionalwellnessexpo.com\/web\/wp-json\/wp\/v2\/tags?post=3998"}],"curies":[{"name":"wp","href":"https:\/\/api.w.org\/{rel}","templated":true}]}}